{"id":38483,"date":"2026-04-23T16:40:06","date_gmt":"2026-04-23T21:40:06","guid":{"rendered":"https:\/\/agqroo.qroo.gob.mx\/?p=38483"},"modified":"2026-04-23T17:00:08","modified_gmt":"2026-04-23T22:00:08","slug":"asi-se-vive-la-historia-en-quintana-roo","status":"publish","type":"post","link":"https:\/\/agqroo.qroo.gob.mx\/index.php\/2026\/04\/23\/asi-se-vive-la-historia-en-quintana-roo\/","title":{"rendered":"\u00a1As\u00ed se vive la historia en Quintana Roo!"},"content":{"rendered":"\t\t<div data-elementor-type=\"wp-post\" data-elementor-id=\"38483\" class=\"elementor elementor-38483\">\n\t\t\t\t<div class=\"elementor-element elementor-element-ccc6385 e-flex e-con-boxed e-con e-parent\" data-id=\"ccc6385\" data-element_type=\"container\" data-e-type=\"container\">\n\t\t\t\t\t<div class=\"e-con-inner\">\n\t\t\t\t<div class=\"elementor-element elementor-element-1750f22 elementor-widget elementor-widget-spacer\" data-id=\"1750f22\" data-element_type=\"widget\" data-e-type=\"widget\" data-widget_type=\"spacer.default\">\n\t\t\t\t<div class=\"elementor-widget-container\">\n\t\t\t\t\t\t\t<div class=\"elementor-spacer\">\n\t\t\t<div class=\"elementor-spacer-inner\"><\/div>\n\t\t<\/div>\n\t\t\t\t\t\t<\/div>\n\t\t\t\t<\/div>\n\t\t\t\t<div class=\"elementor-element elementor-element-19997cb elementor-widget elementor-widget-heading\" data-id=\"19997cb\" data-element_type=\"widget\" data-e-type=\"widget\" data-widget_type=\"heading.default\">\n\t\t\t\t<div class=\"elementor-widget-container\">\n\t\t\t\t\t<h2 class=\"elementor-heading-title elementor-size-default\">Quintana Roo: Testimonio e Identidad a trav\u00e9s de los Archivos Hist\u00f3ricos<\/h2>\t\t\t\t<\/div>\n\t\t\t\t<\/div>\n\t\t\t\t<div class=\"elementor-element elementor-element-ad9a4e4 elementor-widget elementor-widget-spacer\" data-id=\"ad9a4e4\" data-element_type=\"widget\" data-e-type=\"widget\" data-widget_type=\"spacer.default\">\n\t\t\t\t<div class=\"elementor-widget-container\">\n\t\t\t\t\t\t\t<div class=\"elementor-spacer\">\n\t\t\t<div class=\"elementor-spacer-inner\"><\/div>\n\t\t<\/div>\n\t\t\t\t\t\t<\/div>\n\t\t\t\t<\/div>\n\t\t\t\t<div class=\"elementor-element elementor-element-ee50784 elementor-widget elementor-widget-text-editor\" data-id=\"ee50784\" data-element_type=\"widget\" data-e-type=\"widget\" data-widget_type=\"text-editor.default\">\n\t\t\t\t<div class=\"elementor-widget-container\">\n\t\t\t\t\t\t\t\t\t<p>Durante los d\u00edas 20, 21 y 22 de abril, 427 estudiantes de primer y segundo grado de las secundarias Oth\u00f3n P. Blanco y Valent\u00edn G\u00f3mez Far\u00edas participaron en recorridos guiados por personal del Archivo General del Estado por la exposici\u00f3n \u201cQuintana Roo: Testimonio e Identidad a trav\u00e9s de los Archivos Hist\u00f3ricos\u201d.<\/p><p>La cual est\u00e1 conformada por 78 im\u00e1genes, documentos, planos, fotograf\u00edas hist\u00f3ricas y una l\u00ednea de tiempo. Las y los estudiantes conocieron momentos clave como la Guerra de Castas, el nacimiento de Payo Obispo, el impacto del hurac\u00e1n Janet y la transformaci\u00f3n de nuestro estado.<\/p><p>Cada recorrido se convirti\u00f3 en una experiencia viva, donde aprender historia es tambi\u00e9n sentirla y comprenderla.<\/p><p>Porque preservar el pasado es construir el futuro\u2026 \u00a1y hoy lo hacemos con nuestras nuevas generaciones!<\/p><p>#UnidosParaTransformar<\/p><p>#archivoqroo<\/p><p>#agqroo<\/p>\t\t\t\t\t\t\t\t<\/div>\n\t\t\t\t<\/div>\n\t\t\t\t<div class=\"elementor-element elementor-element-8066bc4 elementor-widget elementor-widget-spacer\" data-id=\"8066bc4\" data-element_type=\"widget\" data-e-type=\"widget\" data-widget_type=\"spacer.default\">\n\t\t\t\t<div class=\"elementor-widget-container\">\n\t\t\t\t\t\t\t<div class=\"elementor-spacer\">\n\t\t\t<div class=\"elementor-spacer-inner\"><\/div>\n\t\t<\/div>\n\t\t\t\t\t\t<\/div>\n\t\t\t\t<\/div>\n\t\t\t\t<div class=\"elementor-element elementor-element-e67cd9b elementor-arrows-position-inside elementor-pagination-position-outside elementor-widget elementor-widget-image-carousel\" data-id=\"e67cd9b\" data-element_type=\"widget\" data-e-type=\"widget\" data-settings=\"{&quot;navigation&quot;:&quot;both&quot;,&quot;autoplay&quot;:&quot;yes&quot;,&quot;pause_on_hover&quot;:&quot;yes&quot;,&quot;pause_on_interaction&quot;:&quot;yes&quot;,&quot;autoplay_speed&quot;:5000,&quot;infinite&quot;:&quot;yes&quot;,&quot;speed&quot;:500}\" data-widget_type=\"image-carousel.default\">\n\t\t\t\t<div class=\"elementor-widget-container\">\n\t\t\t\t\t\t\t<div class=\"elementor-image-carousel-wrapper swiper\" role=\"region\" aria-roledescription=\"carousel\" aria-label=\"Carrusel de Im\u00e1genes\" dir=\"ltr\">\n\t\t\t<div class=\"elementor-image-carousel swiper-wrapper\" aria-live=\"off\">\n\t\t\t\t\t\t\t\t<div class=\"swiper-slide\" role=\"group\" aria-roledescription=\"slide\" aria-label=\"1 de 4\"><figure class=\"swiper-slide-inner\"><img decoding=\"async\" class=\"swiper-slide-image\" src=\"https:\/\/agqroo.qroo.gob.mx\/wp-content\/uploads\/2026\/04\/IMG_9152-scaled.jpg\" alt=\"IMG_9152\" \/><\/figure><\/div><div class=\"swiper-slide\" role=\"group\" aria-roledescription=\"slide\" aria-label=\"2 de 4\"><figure class=\"swiper-slide-inner\"><img decoding=\"async\" class=\"swiper-slide-image\" src=\"https:\/\/agqroo.qroo.gob.mx\/wp-content\/uploads\/2026\/04\/IMG_9167-scaled.jpg\" alt=\"IMG_9167\" \/><\/figure><\/div><div class=\"swiper-slide\" role=\"group\" aria-roledescription=\"slide\" aria-label=\"3 de 4\"><figure class=\"swiper-slide-inner\"><img decoding=\"async\" class=\"swiper-slide-image\" src=\"https:\/\/agqroo.qroo.gob.mx\/wp-content\/uploads\/2026\/04\/IMG_9222-scaled.jpg\" alt=\"IMG_9222\" \/><\/figure><\/div><div class=\"swiper-slide\" role=\"group\" aria-roledescription=\"slide\" aria-label=\"4 de 4\"><figure class=\"swiper-slide-inner\"><img decoding=\"async\" class=\"swiper-slide-image\" src=\"https:\/\/agqroo.qroo.gob.mx\/wp-content\/uploads\/2026\/04\/IMG_9262-scaled.jpg\" alt=\"IMG_9262\" \/><\/figure><\/div>\t\t\t<\/div>\n\t\t\t\t\t\t\t\t\t\t\t\t<div class=\"elementor-swiper-button elementor-swiper-button-prev\" role=\"button\" tabindex=\"0\">\n\t\t\t\t\t\t<svg aria-hidden=\"true\" class=\"e-font-icon-svg e-eicon-chevron-left\" viewBox=\"0 0 1000 1000\" xmlns=\"http:\/\/www.w3.org\/2000\/svg\"><path d=\"M646 125C629 125 613 133 604 142L308 442C296 454 292 471 292 487 292 504 296 521 308 533L604 854C617 867 629 875 646 875 663 875 679 871 692 858 704 846 713 829 713 812 713 796 708 779 692 767L438 487 692 225C700 217 708 204 708 187 708 171 704 154 692 142 675 129 663 125 646 125Z\"><\/path><\/svg>\t\t\t\t\t<\/div>\n\t\t\t\t\t<div class=\"elementor-swiper-button elementor-swiper-button-next\" role=\"button\" tabindex=\"0\">\n\t\t\t\t\t\t<svg aria-hidden=\"true\" class=\"e-font-icon-svg e-eicon-chevron-right\" viewBox=\"0 0 1000 1000\" xmlns=\"http:\/\/www.w3.org\/2000\/svg\"><path d=\"M696 533C708 521 713 504 713 487 713 471 708 454 696 446L400 146C388 133 375 125 354 125 338 125 325 129 313 142 300 154 292 171 292 187 292 204 296 221 308 233L563 492 304 771C292 783 288 800 288 817 288 833 296 850 308 863 321 871 338 875 354 875 371 875 388 867 400 854L696 533Z\"><\/path><\/svg>\t\t\t\t\t<\/div>\n\t\t\t\t\n\t\t\t\t\t\t\t\t\t<div class=\"swiper-pagination\"><\/div>\n\t\t\t\t\t\t\t\t\t<\/div>\n\t\t\t\t\t\t<\/div>\n\t\t\t\t<\/div>\n\t\t\t\t<div class=\"elementor-element elementor-element-c65d5cb elementor-widget elementor-widget-spacer\" data-id=\"c65d5cb\" data-element_type=\"widget\" data-e-type=\"widget\" data-widget_type=\"spacer.default\">\n\t\t\t\t<div class=\"elementor-widget-container\">\n\t\t\t\t\t\t\t<div class=\"elementor-spacer\">\n\t\t\t<div class=\"elementor-spacer-inner\"><\/div>\n\t\t<\/div>\n\t\t\t\t\t\t<\/div>\n\t\t\t\t<\/div>\n\t\t\t\t\t<\/div>\n\t\t\t\t<\/div>\n\t\t\t\t<\/div>\n\t\t","protected":false},"excerpt":{"rendered":"<p>Quintana Roo: Testimonio e Identidad a trav\u00e9s de los Archivos Hist\u00f3ricos Durante los d\u00edas 20, 21 y 22 de abril, 427 estudiantes de primer y segundo grado de las secundarias Oth\u00f3n P. Blanco y Valent\u00edn G\u00f3mez Far\u00edas participaron en recorridos guiados por personal del Archivo General del Estado por la exposici\u00f3n \u201cQuintana Roo: Testimonio e &#8230; <a title=\"\u00a1As\u00ed se vive la historia en Quintana Roo!\" class=\"read-more\" href=\"https:\/\/agqroo.qroo.gob.mx\/index.php\/2026\/04\/23\/asi-se-vive-la-historia-en-quintana-roo\/\" aria-label=\"Leer m\u00e1s sobre \u00a1As\u00ed se vive la historia en Quintana Roo!\">Leer m\u00e1s<\/a><\/p>\n","protected":false},"author":11,"featured_media":38493,"comment_status":"open","ping_status":"open","sticky":false,"template":"","format":"standard","meta":{"footnotes":""},"categories":[5],"tags":[],"class_list":["post-38483","post","type-post","status-publish","format-standard","has-post-thumbnail","hentry","category-noticias"],"yoast_head":"<!-- This site is optimized with the Yoast SEO plugin v27.3 - https:\/\/yoast.com\/product\/yoast-seo-wordpress\/ -->\n<title>\u00a1As\u00ed se vive la historia en Quintana Roo! - Archivo General del Estado de Quintana Roo<\/title>\n<meta name=\"robots\" content=\"index, follow, max-snippet:-1, max-image-preview:large, max-video-preview:-1\" \/>\n<link rel=\"canonical\" href=\"https:\/\/agqroo.qroo.gob.mx\/index.php\/2026\/04\/23\/asi-se-vive-la-historia-en-quintana-roo\/\" \/>\n<meta property=\"og:locale\" content=\"es_MX\" \/>\n<meta property=\"og:type\" content=\"article\" \/>\n<meta property=\"og:title\" content=\"\u00a1As\u00ed se vive la historia en Quintana Roo! - Archivo General del Estado de Quintana Roo\" \/>\n<meta property=\"og:description\" content=\"Quintana Roo: Testimonio e Identidad a trav\u00e9s de los Archivos Hist\u00f3ricos Durante los d\u00edas 20, 21 y 22 de abril, 427 estudiantes de primer y segundo grado de las secundarias Oth\u00f3n P. Blanco y Valent\u00edn G\u00f3mez Far\u00edas participaron en recorridos guiados por personal del Archivo General del Estado por la exposici\u00f3n \u201cQuintana Roo: Testimonio e ... Leer m\u00e1s\" \/>\n<meta property=\"og:url\" content=\"https:\/\/agqroo.qroo.gob.mx\/index.php\/2026\/04\/23\/asi-se-vive-la-historia-en-quintana-roo\/\" \/>\n<meta property=\"og:site_name\" content=\"Archivo General del Estado de Quintana Roo\" \/>\n<meta property=\"article:published_time\" content=\"2026-04-23T21:40:06+00:00\" \/>\n<meta property=\"article:modified_time\" content=\"2026-04-23T22:00:08+00:00\" \/>\n<meta property=\"og:image\" content=\"https:\/\/agqroo.qroo.gob.mx\/wp-content\/uploads\/2026\/04\/WhatsApp-Image-2026-04-23-at-4.58.11-PM.jpeg\" \/>\n\t<meta property=\"og:image:width\" content=\"1600\" \/>\n\t<meta property=\"og:image:height\" content=\"569\" \/>\n\t<meta property=\"og:image:type\" content=\"image\/jpeg\" \/>\n<meta name=\"author\" content=\"Jose Alberto D\u00edaz L\u00f3pez.\" \/>\n<meta name=\"twitter:card\" content=\"summary_large_image\" \/>\n<meta name=\"twitter:label1\" content=\"Escrito por\" \/>\n\t<meta name=\"twitter:data1\" content=\"Jose Alberto D\u00edaz L\u00f3pez.\" \/>\n\t<meta name=\"twitter:label2\" content=\"Tiempo de lectura\" \/>\n\t<meta name=\"twitter:data2\" content=\"2 minutos\" \/>\n<script type=\"application\/ld+json\" class=\"yoast-schema-graph\">{\"@context\":\"https:\\\/\\\/schema.org\",\"@graph\":[{\"@type\":\"Article\",\"@id\":\"https:\\\/\\\/agqroo.qroo.gob.mx\\\/index.php\\\/2026\\\/04\\\/23\\\/asi-se-vive-la-historia-en-quintana-roo\\\/#article\",\"isPartOf\":{\"@id\":\"https:\\\/\\\/agqroo.qroo.gob.mx\\\/index.php\\\/2026\\\/04\\\/23\\\/asi-se-vive-la-historia-en-quintana-roo\\\/\"},\"author\":{\"name\":\"Jose Alberto D\u00edaz L\u00f3pez.\",\"@id\":\"https:\\\/\\\/agqroo.qroo.gob.mx\\\/#\\\/schema\\\/person\\\/c00f3164e6e74c4ba4b9fe5284e560ab\"},\"headline\":\"\u00a1As\u00ed se vive la historia en Quintana Roo!\",\"datePublished\":\"2026-04-23T21:40:06+00:00\",\"dateModified\":\"2026-04-23T22:00:08+00:00\",\"mainEntityOfPage\":{\"@id\":\"https:\\\/\\\/agqroo.qroo.gob.mx\\\/index.php\\\/2026\\\/04\\\/23\\\/asi-se-vive-la-historia-en-quintana-roo\\\/\"},\"wordCount\":161,\"commentCount\":0,\"publisher\":{\"@id\":\"https:\\\/\\\/agqroo.qroo.gob.mx\\\/#organization\"},\"image\":{\"@id\":\"https:\\\/\\\/agqroo.qroo.gob.mx\\\/index.php\\\/2026\\\/04\\\/23\\\/asi-se-vive-la-historia-en-quintana-roo\\\/#primaryimage\"},\"thumbnailUrl\":\"https:\\\/\\\/agqroo.qroo.gob.mx\\\/wp-content\\\/uploads\\\/2026\\\/04\\\/WhatsApp-Image-2026-04-23-at-4.58.11-PM.jpeg\",\"articleSection\":[\"Noticias\"],\"inLanguage\":\"es\",\"potentialAction\":[{\"@type\":\"CommentAction\",\"name\":\"Comment\",\"target\":[\"https:\\\/\\\/agqroo.qroo.gob.mx\\\/index.php\\\/2026\\\/04\\\/23\\\/asi-se-vive-la-historia-en-quintana-roo\\\/#respond\"]}]},{\"@type\":\"WebPage\",\"@id\":\"https:\\\/\\\/agqroo.qroo.gob.mx\\\/index.php\\\/2026\\\/04\\\/23\\\/asi-se-vive-la-historia-en-quintana-roo\\\/\",\"url\":\"https:\\\/\\\/agqroo.qroo.gob.mx\\\/index.php\\\/2026\\\/04\\\/23\\\/asi-se-vive-la-historia-en-quintana-roo\\\/\",\"name\":\"\u00a1As\u00ed se vive la historia en Quintana Roo! - Archivo General del Estado de Quintana Roo\",\"isPartOf\":{\"@id\":\"https:\\\/\\\/agqroo.qroo.gob.mx\\\/#website\"},\"primaryImageOfPage\":{\"@id\":\"https:\\\/\\\/agqroo.qroo.gob.mx\\\/index.php\\\/2026\\\/04\\\/23\\\/asi-se-vive-la-historia-en-quintana-roo\\\/#primaryimage\"},\"image\":{\"@id\":\"https:\\\/\\\/agqroo.qroo.gob.mx\\\/index.php\\\/2026\\\/04\\\/23\\\/asi-se-vive-la-historia-en-quintana-roo\\\/#primaryimage\"},\"thumbnailUrl\":\"https:\\\/\\\/agqroo.qroo.gob.mx\\\/wp-content\\\/uploads\\\/2026\\\/04\\\/WhatsApp-Image-2026-04-23-at-4.58.11-PM.jpeg\",\"datePublished\":\"2026-04-23T21:40:06+00:00\",\"dateModified\":\"2026-04-23T22:00:08+00:00\",\"breadcrumb\":{\"@id\":\"https:\\\/\\\/agqroo.qroo.gob.mx\\\/index.php\\\/2026\\\/04\\\/23\\\/asi-se-vive-la-historia-en-quintana-roo\\\/#breadcrumb\"},\"inLanguage\":\"es\",\"potentialAction\":[{\"@type\":\"ReadAction\",\"target\":[\"https:\\\/\\\/agqroo.qroo.gob.mx\\\/index.php\\\/2026\\\/04\\\/23\\\/asi-se-vive-la-historia-en-quintana-roo\\\/\"]}]},{\"@type\":\"ImageObject\",\"inLanguage\":\"es\",\"@id\":\"https:\\\/\\\/agqroo.qroo.gob.mx\\\/index.php\\\/2026\\\/04\\\/23\\\/asi-se-vive-la-historia-en-quintana-roo\\\/#primaryimage\",\"url\":\"https:\\\/\\\/agqroo.qroo.gob.mx\\\/wp-content\\\/uploads\\\/2026\\\/04\\\/WhatsApp-Image-2026-04-23-at-4.58.11-PM.jpeg\",\"contentUrl\":\"https:\\\/\\\/agqroo.qroo.gob.mx\\\/wp-content\\\/uploads\\\/2026\\\/04\\\/WhatsApp-Image-2026-04-23-at-4.58.11-PM.jpeg\",\"width\":1600,\"height\":569},{\"@type\":\"BreadcrumbList\",\"@id\":\"https:\\\/\\\/agqroo.qroo.gob.mx\\\/index.php\\\/2026\\\/04\\\/23\\\/asi-se-vive-la-historia-en-quintana-roo\\\/#breadcrumb\",\"itemListElement\":[{\"@type\":\"ListItem\",\"position\":1,\"name\":\"Inicio\",\"item\":\"https:\\\/\\\/agqroo.qroo.gob.mx\\\/\"},{\"@type\":\"ListItem\",\"position\":2,\"name\":\"\u00a1As\u00ed se vive la historia en Quintana Roo!\"}]},{\"@type\":\"WebSite\",\"@id\":\"https:\\\/\\\/agqroo.qroo.gob.mx\\\/#website\",\"url\":\"https:\\\/\\\/agqroo.qroo.gob.mx\\\/\",\"name\":\"Archivo General del Estado de Quintana Roo\",\"description\":\"\",\"publisher\":{\"@id\":\"https:\\\/\\\/agqroo.qroo.gob.mx\\\/#organization\"},\"potentialAction\":[{\"@type\":\"SearchAction\",\"target\":{\"@type\":\"EntryPoint\",\"urlTemplate\":\"https:\\\/\\\/agqroo.qroo.gob.mx\\\/?s={search_term_string}\"},\"query-input\":{\"@type\":\"PropertyValueSpecification\",\"valueRequired\":true,\"valueName\":\"search_term_string\"}}],\"inLanguage\":\"es\"},{\"@type\":\"Organization\",\"@id\":\"https:\\\/\\\/agqroo.qroo.gob.mx\\\/#organization\",\"name\":\"Archivo General del Estado de Quintana Roo\",\"url\":\"https:\\\/\\\/agqroo.qroo.gob.mx\\\/\",\"logo\":{\"@type\":\"ImageObject\",\"inLanguage\":\"es\",\"@id\":\"https:\\\/\\\/agqroo.qroo.gob.mx\\\/#\\\/schema\\\/logo\\\/image\\\/\",\"url\":\"https:\\\/\\\/agqroo.qroo.gob.mx\\\/wp-content\\\/uploads\\\/2024\\\/06\\\/AGQROO.png\",\"contentUrl\":\"https:\\\/\\\/agqroo.qroo.gob.mx\\\/wp-content\\\/uploads\\\/2024\\\/06\\\/AGQROO.png\",\"width\":1920,\"height\":1080,\"caption\":\"Archivo General del Estado de Quintana Roo\"},\"image\":{\"@id\":\"https:\\\/\\\/agqroo.qroo.gob.mx\\\/#\\\/schema\\\/logo\\\/image\\\/\"}},{\"@type\":\"Person\",\"@id\":\"https:\\\/\\\/agqroo.qroo.gob.mx\\\/#\\\/schema\\\/person\\\/c00f3164e6e74c4ba4b9fe5284e560ab\",\"name\":\"Jose Alberto D\u00edaz L\u00f3pez.\",\"image\":{\"@type\":\"ImageObject\",\"inLanguage\":\"es\",\"@id\":\"https:\\\/\\\/secure.gravatar.com\\\/avatar\\\/9a0cf92e40b7fc2955c0ab03e1842a78cb013bcf9e0a7aafe18ed9a4187d30ba?s=96&d=mm&r=g\",\"url\":\"https:\\\/\\\/secure.gravatar.com\\\/avatar\\\/9a0cf92e40b7fc2955c0ab03e1842a78cb013bcf9e0a7aafe18ed9a4187d30ba?s=96&d=mm&r=g\",\"contentUrl\":\"https:\\\/\\\/secure.gravatar.com\\\/avatar\\\/9a0cf92e40b7fc2955c0ab03e1842a78cb013bcf9e0a7aafe18ed9a4187d30ba?s=96&d=mm&r=g\",\"caption\":\"Jose Alberto D\u00edaz L\u00f3pez.\"},\"url\":\"https:\\\/\\\/agqroo.qroo.gob.mx\\\/index.php\\\/author\\\/agqrooa\\\/\"}]}<\/script>\n<!-- \/ Yoast SEO plugin. -->","yoast_head_json":{"title":"\u00a1As\u00ed se vive la historia en Quintana Roo! - Archivo General del Estado de Quintana Roo","robots":{"index":"index","follow":"follow","max-snippet":"max-snippet:-1","max-image-preview":"max-image-preview:large","max-video-preview":"max-video-preview:-1"},"canonical":"https:\/\/agqroo.qroo.gob.mx\/index.php\/2026\/04\/23\/asi-se-vive-la-historia-en-quintana-roo\/","og_locale":"es_MX","og_type":"article","og_title":"\u00a1As\u00ed se vive la historia en Quintana Roo! - Archivo General del Estado de Quintana Roo","og_description":"Quintana Roo: Testimonio e Identidad a trav\u00e9s de los Archivos Hist\u00f3ricos Durante los d\u00edas 20, 21 y 22 de abril, 427 estudiantes de primer y segundo grado de las secundarias Oth\u00f3n P. Blanco y Valent\u00edn G\u00f3mez Far\u00edas participaron en recorridos guiados por personal del Archivo General del Estado por la exposici\u00f3n \u201cQuintana Roo: Testimonio e ... Leer m\u00e1s","og_url":"https:\/\/agqroo.qroo.gob.mx\/index.php\/2026\/04\/23\/asi-se-vive-la-historia-en-quintana-roo\/","og_site_name":"Archivo General del Estado de Quintana Roo","article_published_time":"2026-04-23T21:40:06+00:00","article_modified_time":"2026-04-23T22:00:08+00:00","og_image":[{"width":1600,"height":569,"url":"https:\/\/agqroo.qroo.gob.mx\/wp-content\/uploads\/2026\/04\/WhatsApp-Image-2026-04-23-at-4.58.11-PM.jpeg","type":"image\/jpeg"}],"author":"Jose Alberto D\u00edaz L\u00f3pez.","twitter_card":"summary_large_image","twitter_misc":{"Escrito por":"Jose Alberto D\u00edaz L\u00f3pez.","Tiempo de lectura":"2 minutos"},"schema":{"@context":"https:\/\/schema.org","@graph":[{"@type":"Article","@id":"https:\/\/agqroo.qroo.gob.mx\/index.php\/2026\/04\/23\/asi-se-vive-la-historia-en-quintana-roo\/#article","isPartOf":{"@id":"https:\/\/agqroo.qroo.gob.mx\/index.php\/2026\/04\/23\/asi-se-vive-la-historia-en-quintana-roo\/"},"author":{"name":"Jose Alberto D\u00edaz L\u00f3pez.","@id":"https:\/\/agqroo.qroo.gob.mx\/#\/schema\/person\/c00f3164e6e74c4ba4b9fe5284e560ab"},"headline":"\u00a1As\u00ed se vive la historia en Quintana Roo!","datePublished":"2026-04-23T21:40:06+00:00","dateModified":"2026-04-23T22:00:08+00:00","mainEntityOfPage":{"@id":"https:\/\/agqroo.qroo.gob.mx\/index.php\/2026\/04\/23\/asi-se-vive-la-historia-en-quintana-roo\/"},"wordCount":161,"commentCount":0,"publisher":{"@id":"https:\/\/agqroo.qroo.gob.mx\/#organization"},"image":{"@id":"https:\/\/agqroo.qroo.gob.mx\/index.php\/2026\/04\/23\/asi-se-vive-la-historia-en-quintana-roo\/#primaryimage"},"thumbnailUrl":"https:\/\/agqroo.qroo.gob.mx\/wp-content\/uploads\/2026\/04\/WhatsApp-Image-2026-04-23-at-4.58.11-PM.jpeg","articleSection":["Noticias"],"inLanguage":"es","potentialAction":[{"@type":"CommentAction","name":"Comment","target":["https:\/\/agqroo.qroo.gob.mx\/index.php\/2026\/04\/23\/asi-se-vive-la-historia-en-quintana-roo\/#respond"]}]},{"@type":"WebPage","@id":"https:\/\/agqroo.qroo.gob.mx\/index.php\/2026\/04\/23\/asi-se-vive-la-historia-en-quintana-roo\/","url":"https:\/\/agqroo.qroo.gob.mx\/index.php\/2026\/04\/23\/asi-se-vive-la-historia-en-quintana-roo\/","name":"\u00a1As\u00ed se vive la historia en Quintana Roo! - Archivo General del Estado de Quintana Roo","isPartOf":{"@id":"https:\/\/agqroo.qroo.gob.mx\/#website"},"primaryImageOfPage":{"@id":"https:\/\/agqroo.qroo.gob.mx\/index.php\/2026\/04\/23\/asi-se-vive-la-historia-en-quintana-roo\/#primaryimage"},"image":{"@id":"https:\/\/agqroo.qroo.gob.mx\/index.php\/2026\/04\/23\/asi-se-vive-la-historia-en-quintana-roo\/#primaryimage"},"thumbnailUrl":"https:\/\/agqroo.qroo.gob.mx\/wp-content\/uploads\/2026\/04\/WhatsApp-Image-2026-04-23-at-4.58.11-PM.jpeg","datePublished":"2026-04-23T21:40:06+00:00","dateModified":"2026-04-23T22:00:08+00:00","breadcrumb":{"@id":"https:\/\/agqroo.qroo.gob.mx\/index.php\/2026\/04\/23\/asi-se-vive-la-historia-en-quintana-roo\/#breadcrumb"},"inLanguage":"es","potentialAction":[{"@type":"ReadAction","target":["https:\/\/agqroo.qroo.gob.mx\/index.php\/2026\/04\/23\/asi-se-vive-la-historia-en-quintana-roo\/"]}]},{"@type":"ImageObject","inLanguage":"es","@id":"https:\/\/agqroo.qroo.gob.mx\/index.php\/2026\/04\/23\/asi-se-vive-la-historia-en-quintana-roo\/#primaryimage","url":"https:\/\/agqroo.qroo.gob.mx\/wp-content\/uploads\/2026\/04\/WhatsApp-Image-2026-04-23-at-4.58.11-PM.jpeg","contentUrl":"https:\/\/agqroo.qroo.gob.mx\/wp-content\/uploads\/2026\/04\/WhatsApp-Image-2026-04-23-at-4.58.11-PM.jpeg","width":1600,"height":569},{"@type":"BreadcrumbList","@id":"https:\/\/agqroo.qroo.gob.mx\/index.php\/2026\/04\/23\/asi-se-vive-la-historia-en-quintana-roo\/#breadcrumb","itemListElement":[{"@type":"ListItem","position":1,"name":"Inicio","item":"https:\/\/agqroo.qroo.gob.mx\/"},{"@type":"ListItem","position":2,"name":"\u00a1As\u00ed se vive la historia en Quintana Roo!"}]},{"@type":"WebSite","@id":"https:\/\/agqroo.qroo.gob.mx\/#website","url":"https:\/\/agqroo.qroo.gob.mx\/","name":"Archivo General del Estado de Quintana Roo","description":"","publisher":{"@id":"https:\/\/agqroo.qroo.gob.mx\/#organization"},"potentialAction":[{"@type":"SearchAction","target":{"@type":"EntryPoint","urlTemplate":"https:\/\/agqroo.qroo.gob.mx\/?s={search_term_string}"},"query-input":{"@type":"PropertyValueSpecification","valueRequired":true,"valueName":"search_term_string"}}],"inLanguage":"es"},{"@type":"Organization","@id":"https:\/\/agqroo.qroo.gob.mx\/#organization","name":"Archivo General del Estado de Quintana Roo","url":"https:\/\/agqroo.qroo.gob.mx\/","logo":{"@type":"ImageObject","inLanguage":"es","@id":"https:\/\/agqroo.qroo.gob.mx\/#\/schema\/logo\/image\/","url":"https:\/\/agqroo.qroo.gob.mx\/wp-content\/uploads\/2024\/06\/AGQROO.png","contentUrl":"https:\/\/agqroo.qroo.gob.mx\/wp-content\/uploads\/2024\/06\/AGQROO.png","width":1920,"height":1080,"caption":"Archivo General del Estado de Quintana Roo"},"image":{"@id":"https:\/\/agqroo.qroo.gob.mx\/#\/schema\/logo\/image\/"}},{"@type":"Person","@id":"https:\/\/agqroo.qroo.gob.mx\/#\/schema\/person\/c00f3164e6e74c4ba4b9fe5284e560ab","name":"Jose Alberto D\u00edaz L\u00f3pez.","image":{"@type":"ImageObject","inLanguage":"es","@id":"https:\/\/secure.gravatar.com\/avatar\/9a0cf92e40b7fc2955c0ab03e1842a78cb013bcf9e0a7aafe18ed9a4187d30ba?s=96&d=mm&r=g","url":"https:\/\/secure.gravatar.com\/avatar\/9a0cf92e40b7fc2955c0ab03e1842a78cb013bcf9e0a7aafe18ed9a4187d30ba?s=96&d=mm&r=g","contentUrl":"https:\/\/secure.gravatar.com\/avatar\/9a0cf92e40b7fc2955c0ab03e1842a78cb013bcf9e0a7aafe18ed9a4187d30ba?s=96&d=mm&r=g","caption":"Jose Alberto D\u00edaz L\u00f3pez."},"url":"https:\/\/agqroo.qroo.gob.mx\/index.php\/author\/agqrooa\/"}]}},"_links":{"self":[{"href":"https:\/\/agqroo.qroo.gob.mx\/index.php\/wp-json\/wp\/v2\/posts\/38483","targetHints":{"allow":["GET"]}}],"collection":[{"href":"https:\/\/agqroo.qroo.gob.mx\/index.php\/wp-json\/wp\/v2\/posts"}],"about":[{"href":"https:\/\/agqroo.qroo.gob.mx\/index.php\/wp-json\/wp\/v2\/types\/post"}],"author":[{"embeddable":true,"href":"https:\/\/agqroo.qroo.gob.mx\/index.php\/wp-json\/wp\/v2\/users\/11"}],"replies":[{"embeddable":true,"href":"https:\/\/agqroo.qroo.gob.mx\/index.php\/wp-json\/wp\/v2\/comments?post=38483"}],"version-history":[{"count":4,"href":"https:\/\/agqroo.qroo.gob.mx\/index.php\/wp-json\/wp\/v2\/posts\/38483\/revisions"}],"predecessor-version":[{"id":38491,"href":"https:\/\/agqroo.qroo.gob.mx\/index.php\/wp-json\/wp\/v2\/posts\/38483\/revisions\/38491"}],"wp:featuredmedia":[{"embeddable":true,"href":"https:\/\/agqroo.qroo.gob.mx\/index.php\/wp-json\/wp\/v2\/media\/38493"}],"wp:attachment":[{"href":"https:\/\/agqroo.qroo.gob.mx\/index.php\/wp-json\/wp\/v2\/media?parent=38483"}],"wp:term":[{"taxonomy":"category","embeddable":true,"href":"https:\/\/agqroo.qroo.gob.mx\/index.php\/wp-json\/wp\/v2\/categories?post=38483"},{"taxonomy":"post_tag","embeddable":true,"href":"https:\/\/agqroo.qroo.gob.mx\/index.php\/wp-json\/wp\/v2\/tags?post=38483"}],"curies":[{"name":"wp","href":"https:\/\/api.w.org\/{rel}","templated":true}]}}