{"id":38457,"date":"2026-04-21T14:25:52","date_gmt":"2026-04-21T19:25:52","guid":{"rendered":"https:\/\/agqroo.qroo.gob.mx\/?p=38457"},"modified":"2026-04-21T14:35:42","modified_gmt":"2026-04-21T19:35:42","slug":"nuevo-acuerdo","status":"publish","type":"post","link":"https:\/\/agqroo.qroo.gob.mx\/index.php\/2026\/04\/21\/nuevo-acuerdo\/","title":{"rendered":"Nuevo Acuerdo"},"content":{"rendered":"\t\t<div data-elementor-type=\"wp-post\" data-elementor-id=\"38457\" class=\"elementor elementor-38457\">\n\t\t\t\t<div class=\"elementor-element elementor-element-74079ac e-flex e-con-boxed e-con e-parent\" data-id=\"74079ac\" data-element_type=\"container\" data-e-type=\"container\">\n\t\t\t\t\t<div class=\"e-con-inner\">\n\t\t\t\t<div class=\"elementor-element elementor-element-fe0a9be elementor-widget elementor-widget-spacer\" data-id=\"fe0a9be\" data-element_type=\"widget\" data-e-type=\"widget\" data-widget_type=\"spacer.default\">\n\t\t\t\t<div class=\"elementor-widget-container\">\n\t\t\t\t\t\t\t<div class=\"elementor-spacer\">\n\t\t\t<div class=\"elementor-spacer-inner\"><\/div>\n\t\t<\/div>\n\t\t\t\t\t\t<\/div>\n\t\t\t\t<\/div>\n\t\t\t\t<div class=\"elementor-element elementor-element-b0bb7f4 elementor-widget elementor-widget-heading\" data-id=\"b0bb7f4\" data-element_type=\"widget\" data-e-type=\"widget\" data-widget_type=\"heading.default\">\n\t\t\t\t<div class=\"elementor-widget-container\">\n\t\t\t\t\t<h2 class=\"elementor-heading-title elementor-size-default\">\u00a1Firma de Nuevo Acuerdo por la Memoria!<\/h2>\t\t\t\t<\/div>\n\t\t\t\t<\/div>\n\t\t\t\t<div class=\"elementor-element elementor-element-b7fba30 elementor-widget elementor-widget-spacer\" data-id=\"b7fba30\" data-element_type=\"widget\" data-e-type=\"widget\" data-widget_type=\"spacer.default\">\n\t\t\t\t<div class=\"elementor-widget-container\">\n\t\t\t\t\t\t\t<div class=\"elementor-spacer\">\n\t\t\t<div class=\"elementor-spacer-inner\"><\/div>\n\t\t<\/div>\n\t\t\t\t\t\t<\/div>\n\t\t\t\t<\/div>\n\t\t\t\t<div class=\"elementor-element elementor-element-dd2cf05 elementor-widget elementor-widget-text-editor\" data-id=\"dd2cf05\" data-element_type=\"widget\" data-e-type=\"widget\" data-widget_type=\"text-editor.default\">\n\t\t\t\t<div class=\"elementor-widget-container\">\n\t\t\t\t\t\t\t\t\t<p>En un acto de gran trascendencia para nuestra identidad, el Archivo General del Estado se suma al Nuevo Acuerdo por el Bienestar y Desarrollo de Quintana Roo, impulsado por nuestra Gobernadora Mara Lezama, bajo un modelo de gobernanza humanista, buscamos que el patrimonio documental no se quede en las estanter\u00edas, sino que viva en el coraz\u00f3n de nuestra sociedad.<\/p><p>Desde la emblem\u00e1tica Escuela Secundaria Oth\u00f3n P. Blanco, se formaliz\u00f3 la firma para la Difusi\u00f3n de la Memoria Documental Hist\u00f3rica del Estado, un esfuerzo conjunto entre la Secretar\u00eda de Gobierno del Estado el Archivo General del Estado y la Asociaci\u00f3n Estatal de Padres y Madres de Familia.<\/p><p><strong>\u00bfQu\u00e9 logramos con este acuerdo?<\/strong><\/p><p><strong>Vinculaci\u00f3n Educativa:<\/strong> Llevamos la riqueza de nuestros archivos directamente a las nuevas generaciones.<\/p><p><strong>Participaci\u00f3n Social:<\/strong> Sumamos la voz de los padres y madres de familia en la preservaci\u00f3n de nuestra cultura.<\/p><p><strong>Identidad Regional:<\/strong> Fortalecemos el orgullo de ser quintanarroenses a trav\u00e9s de la exposici\u00f3n &#8220;Quintana Roo, Testimonio e Identidad a Trav\u00e9s de los Archivos Hist\u00f3ricos.<\/p><p>El evento cont\u00f3 con la distinguida presencia de la Lic. Mar\u00eda Cristina Torres G\u00f3mez, Secretaria de Gobierno; la Dra. Elda Mar\u00eda Xix Eu\u00e1n, Secretaria de Educaci\u00f3n; la Ciudadana Cecilia Noem\u00ed Manzanilla P\u00e9rez, Presidenta de la Asociaci\u00f3n de Padres de Familia, el Director General, el Lic. Gabriel Caamal P\u00e9rez Director General del Archivo General del Estado y el Mtro. Jes\u00fas Antonio Mart\u00ednez Sol\u00eds Director de la secundaria Oth\u00f3n P. Blanco de esta ciudad capital.<\/p><p>Agradecemos a la comunidad educativa por recibirnos. \u00a1En el Archivo General, protegemos el pasado para dar certeza y bienestar al futuro de Quintana Roo!<\/p><div dir=\"auto\"><span class=\"html-span xdj266r x14z9mp xat24cr x1lziwak xexx8yu xyri2b x18d9i69 x1c1uobl x1hl2dhg x16tdsg8 x1vvkbs\"><a class=\"x1i10hfl xjbqb8w x1ejq31n x18oe1m7 x1sy0etr xstzfhl x972fbf x10w94by x1qhh985 x14e42zd x9f619 x1ypdohk xt0psk2 x3ct3a4 xdj266r x14z9mp xat24cr x1lziwak xexx8yu xyri2b x18d9i69 x1c1uobl x16tdsg8 x1hl2dhg xggy1nq x1a2a7pz xkrqix3 x1sur9pj x1fey0fg x1s688f\" tabindex=\"0\" role=\"link\" href=\"https:\/\/www.facebook.com\/hashtag\/unidosparatransformar?__cft__[0]=AZYwv9W1q_c4PMBEeMvFig4g4uyjR913c2s-lVT_qvtbw8Jjf10G9_fEahtN6j1dYq6GhREG9ajJPa6n1Cdk3EsoYu3glfSP4Koq1U-0fo1hzl66MnMFGFXUMrqQDK41y8sa3zaeDFKOlqO6Wgl6I5DhTnsV1OV_CzEMvyavBKFuwZj6mVzIbIokGT_H_LLGihlmLHqkI1kdoeh5e0cUbUJ4&amp;__tn__=*NK-R\">#UnidosParaTransformar<\/a><\/span><\/div><div dir=\"auto\"><span class=\"html-span xdj266r x14z9mp xat24cr x1lziwak xexx8yu xyri2b x18d9i69 x1c1uobl x1hl2dhg x16tdsg8 x1vvkbs\"><a class=\"x1i10hfl xjbqb8w x1ejq31n x18oe1m7 x1sy0etr xstzfhl x972fbf x10w94by x1qhh985 x14e42zd x9f619 x1ypdohk xt0psk2 x3ct3a4 xdj266r x14z9mp xat24cr x1lziwak xexx8yu xyri2b x18d9i69 x1c1uobl x16tdsg8 x1hl2dhg xggy1nq x1a2a7pz xkrqix3 x1sur9pj x1fey0fg x1s688f\" tabindex=\"0\" role=\"link\" href=\"https:\/\/www.facebook.com\/hashtag\/archivoqroo?__cft__[0]=AZYwv9W1q_c4PMBEeMvFig4g4uyjR913c2s-lVT_qvtbw8Jjf10G9_fEahtN6j1dYq6GhREG9ajJPa6n1Cdk3EsoYu3glfSP4Koq1U-0fo1hzl66MnMFGFXUMrqQDK41y8sa3zaeDFKOlqO6Wgl6I5DhTnsV1OV_CzEMvyavBKFuwZj6mVzIbIokGT_H_LLGihlmLHqkI1kdoeh5e0cUbUJ4&amp;__tn__=*NK-R\">#archivoqroo<\/a><\/span><\/div><div dir=\"auto\"><span class=\"html-span xdj266r x14z9mp xat24cr x1lziwak xexx8yu xyri2b x18d9i69 x1c1uobl x1hl2dhg x16tdsg8 x1vvkbs\"><a class=\"x1i10hfl xjbqb8w x1ejq31n x18oe1m7 x1sy0etr xstzfhl x972fbf x10w94by x1qhh985 x14e42zd x9f619 x1ypdohk xt0psk2 x3ct3a4 xdj266r x14z9mp xat24cr x1lziwak xexx8yu xyri2b x18d9i69 x1c1uobl x16tdsg8 x1hl2dhg xggy1nq x1a2a7pz xkrqix3 x1sur9pj x1fey0fg x1s688f\" tabindex=\"0\" role=\"link\" href=\"https:\/\/www.facebook.com\/hashtag\/agqroo?__cft__[0]=AZYwv9W1q_c4PMBEeMvFig4g4uyjR913c2s-lVT_qvtbw8Jjf10G9_fEahtN6j1dYq6GhREG9ajJPa6n1Cdk3EsoYu3glfSP4Koq1U-0fo1hzl66MnMFGFXUMrqQDK41y8sa3zaeDFKOlqO6Wgl6I5DhTnsV1OV_CzEMvyavBKFuwZj6mVzIbIokGT_H_LLGihlmLHqkI1kdoeh5e0cUbUJ4&amp;__tn__=*NK-R\">#agqroo<\/a><\/span><\/div>\t\t\t\t\t\t\t\t<\/div>\n\t\t\t\t<\/div>\n\t\t\t\t\t<\/div>\n\t\t\t\t<\/div>\n\t\t<div class=\"elementor-element elementor-element-519697d e-flex e-con-boxed e-con e-parent\" data-id=\"519697d\" data-element_type=\"container\" data-e-type=\"container\">\n\t\t\t\t\t<div class=\"e-con-inner\">\n\t\t\t\t<div class=\"elementor-element elementor-element-100e5b6 elementor-arrows-position-inside elementor-pagination-position-outside elementor-widget elementor-widget-image-carousel\" data-id=\"100e5b6\" data-element_type=\"widget\" data-e-type=\"widget\" data-settings=\"{&quot;navigation&quot;:&quot;both&quot;,&quot;autoplay&quot;:&quot;yes&quot;,&quot;pause_on_hover&quot;:&quot;yes&quot;,&quot;pause_on_interaction&quot;:&quot;yes&quot;,&quot;autoplay_speed&quot;:5000,&quot;infinite&quot;:&quot;yes&quot;,&quot;speed&quot;:500}\" data-widget_type=\"image-carousel.default\">\n\t\t\t\t<div class=\"elementor-widget-container\">\n\t\t\t\t\t\t\t<div class=\"elementor-image-carousel-wrapper swiper\" role=\"region\" aria-roledescription=\"carousel\" aria-label=\"Carrusel de Im\u00e1genes\" dir=\"ltr\">\n\t\t\t<div class=\"elementor-image-carousel swiper-wrapper\" aria-live=\"off\">\n\t\t\t\t\t\t\t\t<div class=\"swiper-slide\" role=\"group\" aria-roledescription=\"slide\" aria-label=\"1 de 4\"><figure class=\"swiper-slide-inner\"><img decoding=\"async\" class=\"swiper-slide-image\" src=\"https:\/\/agqroo.qroo.gob.mx\/wp-content\/uploads\/2026\/04\/IMG_8113-scaled.jpg\" alt=\"IMG_8113\" \/><\/figure><\/div><div class=\"swiper-slide\" role=\"group\" aria-roledescription=\"slide\" aria-label=\"2 de 4\"><figure class=\"swiper-slide-inner\"><img decoding=\"async\" class=\"swiper-slide-image\" src=\"https:\/\/agqroo.qroo.gob.mx\/wp-content\/uploads\/2026\/04\/IMG_8114-scaled.jpg\" alt=\"IMG_8114\" \/><\/figure><\/div><div class=\"swiper-slide\" role=\"group\" aria-roledescription=\"slide\" aria-label=\"3 de 4\"><figure class=\"swiper-slide-inner\"><img decoding=\"async\" class=\"swiper-slide-image\" src=\"https:\/\/agqroo.qroo.gob.mx\/wp-content\/uploads\/2026\/04\/IMG_8208-scaled.jpg\" alt=\"IMG_8208\" \/><\/figure><\/div><div class=\"swiper-slide\" role=\"group\" aria-roledescription=\"slide\" aria-label=\"4 de 4\"><figure class=\"swiper-slide-inner\"><img decoding=\"async\" class=\"swiper-slide-image\" src=\"https:\/\/agqroo.qroo.gob.mx\/wp-content\/uploads\/2026\/04\/WhatsApp-Image-2026-04-20-at-4.29.34-PM.jpeg\" alt=\"WhatsApp Image 2026-04-20 at 4.29.34 PM\" \/><\/figure><\/div>\t\t\t<\/div>\n\t\t\t\t\t\t\t\t\t\t\t\t<div class=\"elementor-swiper-button elementor-swiper-button-prev\" role=\"button\" tabindex=\"0\">\n\t\t\t\t\t\t<svg aria-hidden=\"true\" class=\"e-font-icon-svg e-eicon-chevron-left\" viewBox=\"0 0 1000 1000\" xmlns=\"http:\/\/www.w3.org\/2000\/svg\"><path d=\"M646 125C629 125 613 133 604 142L308 442C296 454 292 471 292 487 292 504 296 521 308 533L604 854C617 867 629 875 646 875 663 875 679 871 692 858 704 846 713 829 713 812 713 796 708 779 692 767L438 487 692 225C700 217 708 204 708 187 708 171 704 154 692 142 675 129 663 125 646 125Z\"><\/path><\/svg>\t\t\t\t\t<\/div>\n\t\t\t\t\t<div class=\"elementor-swiper-button elementor-swiper-button-next\" role=\"button\" tabindex=\"0\">\n\t\t\t\t\t\t<svg aria-hidden=\"true\" class=\"e-font-icon-svg e-eicon-chevron-right\" viewBox=\"0 0 1000 1000\" xmlns=\"http:\/\/www.w3.org\/2000\/svg\"><path d=\"M696 533C708 521 713 504 713 487 713 471 708 454 696 446L400 146C388 133 375 125 354 125 338 125 325 129 313 142 300 154 292 171 292 187 292 204 296 221 308 233L563 492 304 771C292 783 288 800 288 817 288 833 296 850 308 863 321 871 338 875 354 875 371 875 388 867 400 854L696 533Z\"><\/path><\/svg>\t\t\t\t\t<\/div>\n\t\t\t\t\n\t\t\t\t\t\t\t\t\t<div class=\"swiper-pagination\"><\/div>\n\t\t\t\t\t\t\t\t\t<\/div>\n\t\t\t\t\t\t<\/div>\n\t\t\t\t<\/div>\n\t\t\t\t<div class=\"elementor-element elementor-element-41dc5df elementor-widget elementor-widget-spacer\" data-id=\"41dc5df\" data-element_type=\"widget\" data-e-type=\"widget\" data-widget_type=\"spacer.default\">\n\t\t\t\t<div class=\"elementor-widget-container\">\n\t\t\t\t\t\t\t<div class=\"elementor-spacer\">\n\t\t\t<div class=\"elementor-spacer-inner\"><\/div>\n\t\t<\/div>\n\t\t\t\t\t\t<\/div>\n\t\t\t\t<\/div>\n\t\t\t\t\t<\/div>\n\t\t\t\t<\/div>\n\t\t\t\t<\/div>\n\t\t","protected":false},"excerpt":{"rendered":"<p>\u00a1Firma de Nuevo Acuerdo por la Memoria! En un acto de gran trascendencia para nuestra identidad, el Archivo General del Estado se suma al Nuevo Acuerdo por el Bienestar y Desarrollo de Quintana Roo, impulsado por nuestra Gobernadora Mara Lezama, bajo un modelo de gobernanza humanista, buscamos que el patrimonio documental no se quede en &#8230; <a title=\"Nuevo Acuerdo\" class=\"read-more\" href=\"https:\/\/agqroo.qroo.gob.mx\/index.php\/2026\/04\/21\/nuevo-acuerdo\/\" aria-label=\"Leer m\u00e1s sobre Nuevo Acuerdo\">Leer m\u00e1s<\/a><\/p>\n","protected":false},"author":11,"featured_media":38466,"comment_status":"open","ping_status":"open","sticky":false,"template":"","format":"standard","meta":{"footnotes":""},"categories":[5],"tags":[],"class_list":["post-38457","post","type-post","status-publish","format-standard","has-post-thumbnail","hentry","category-noticias"],"yoast_head":"<!-- This site is optimized with the Yoast SEO plugin v27.3 - https:\/\/yoast.com\/product\/yoast-seo-wordpress\/ -->\n<title>Nuevo Acuerdo - Archivo General del Estado de Quintana Roo<\/title>\n<meta name=\"robots\" content=\"index, follow, max-snippet:-1, max-image-preview:large, max-video-preview:-1\" \/>\n<link rel=\"canonical\" href=\"https:\/\/agqroo.qroo.gob.mx\/index.php\/2026\/04\/21\/nuevo-acuerdo\/\" \/>\n<meta property=\"og:locale\" content=\"es_MX\" \/>\n<meta property=\"og:type\" content=\"article\" \/>\n<meta property=\"og:title\" content=\"Nuevo Acuerdo - Archivo General del Estado de Quintana Roo\" \/>\n<meta property=\"og:description\" content=\"\u00a1Firma de Nuevo Acuerdo por la Memoria! En un acto de gran trascendencia para nuestra identidad, el Archivo General del Estado se suma al Nuevo Acuerdo por el Bienestar y Desarrollo de Quintana Roo, impulsado por nuestra Gobernadora Mara Lezama, bajo un modelo de gobernanza humanista, buscamos que el patrimonio documental no se quede en ... Leer m\u00e1s\" \/>\n<meta property=\"og:url\" content=\"https:\/\/agqroo.qroo.gob.mx\/index.php\/2026\/04\/21\/nuevo-acuerdo\/\" \/>\n<meta property=\"og:site_name\" content=\"Archivo General del Estado de Quintana Roo\" \/>\n<meta property=\"article:published_time\" content=\"2026-04-21T19:25:52+00:00\" \/>\n<meta property=\"article:modified_time\" content=\"2026-04-21T19:35:42+00:00\" \/>\n<meta property=\"og:image\" content=\"https:\/\/agqroo.qroo.gob.mx\/wp-content\/uploads\/2026\/04\/WhatsApp-Image-2026-04-20-at-4.33.13-PM_portada-1024x435.png\" \/>\n\t<meta property=\"og:image:width\" content=\"1024\" \/>\n\t<meta property=\"og:image:height\" content=\"435\" \/>\n\t<meta property=\"og:image:type\" content=\"image\/png\" \/>\n<meta name=\"author\" content=\"Jose Alberto D\u00edaz L\u00f3pez.\" \/>\n<meta name=\"twitter:card\" content=\"summary_large_image\" \/>\n<meta name=\"twitter:label1\" content=\"Escrito por\" \/>\n\t<meta name=\"twitter:data1\" content=\"Jose Alberto D\u00edaz L\u00f3pez.\" \/>\n\t<meta name=\"twitter:label2\" content=\"Tiempo de lectura\" \/>\n\t<meta name=\"twitter:data2\" content=\"4 minutos\" \/>\n<script type=\"application\/ld+json\" class=\"yoast-schema-graph\">{\"@context\":\"https:\\\/\\\/schema.org\",\"@graph\":[{\"@type\":\"Article\",\"@id\":\"https:\\\/\\\/agqroo.qroo.gob.mx\\\/index.php\\\/2026\\\/04\\\/21\\\/nuevo-acuerdo\\\/#article\",\"isPartOf\":{\"@id\":\"https:\\\/\\\/agqroo.qroo.gob.mx\\\/index.php\\\/2026\\\/04\\\/21\\\/nuevo-acuerdo\\\/\"},\"author\":{\"name\":\"Jose Alberto D\u00edaz L\u00f3pez.\",\"@id\":\"https:\\\/\\\/agqroo.qroo.gob.mx\\\/#\\\/schema\\\/person\\\/c00f3164e6e74c4ba4b9fe5284e560ab\"},\"headline\":\"Nuevo Acuerdo\",\"datePublished\":\"2026-04-21T19:25:52+00:00\",\"dateModified\":\"2026-04-21T19:35:42+00:00\",\"mainEntityOfPage\":{\"@id\":\"https:\\\/\\\/agqroo.qroo.gob.mx\\\/index.php\\\/2026\\\/04\\\/21\\\/nuevo-acuerdo\\\/\"},\"wordCount\":302,\"commentCount\":0,\"publisher\":{\"@id\":\"https:\\\/\\\/agqroo.qroo.gob.mx\\\/#organization\"},\"image\":{\"@id\":\"https:\\\/\\\/agqroo.qroo.gob.mx\\\/index.php\\\/2026\\\/04\\\/21\\\/nuevo-acuerdo\\\/#primaryimage\"},\"thumbnailUrl\":\"https:\\\/\\\/agqroo.qroo.gob.mx\\\/wp-content\\\/uploads\\\/2026\\\/04\\\/WhatsApp-Image-2026-04-20-at-4.33.13-PM_portada-scaled.png\",\"articleSection\":[\"Noticias\"],\"inLanguage\":\"es\",\"potentialAction\":[{\"@type\":\"CommentAction\",\"name\":\"Comment\",\"target\":[\"https:\\\/\\\/agqroo.qroo.gob.mx\\\/index.php\\\/2026\\\/04\\\/21\\\/nuevo-acuerdo\\\/#respond\"]}]},{\"@type\":\"WebPage\",\"@id\":\"https:\\\/\\\/agqroo.qroo.gob.mx\\\/index.php\\\/2026\\\/04\\\/21\\\/nuevo-acuerdo\\\/\",\"url\":\"https:\\\/\\\/agqroo.qroo.gob.mx\\\/index.php\\\/2026\\\/04\\\/21\\\/nuevo-acuerdo\\\/\",\"name\":\"Nuevo Acuerdo - Archivo General del Estado de Quintana Roo\",\"isPartOf\":{\"@id\":\"https:\\\/\\\/agqroo.qroo.gob.mx\\\/#website\"},\"primaryImageOfPage\":{\"@id\":\"https:\\\/\\\/agqroo.qroo.gob.mx\\\/index.php\\\/2026\\\/04\\\/21\\\/nuevo-acuerdo\\\/#primaryimage\"},\"image\":{\"@id\":\"https:\\\/\\\/agqroo.qroo.gob.mx\\\/index.php\\\/2026\\\/04\\\/21\\\/nuevo-acuerdo\\\/#primaryimage\"},\"thumbnailUrl\":\"https:\\\/\\\/agqroo.qroo.gob.mx\\\/wp-content\\\/uploads\\\/2026\\\/04\\\/WhatsApp-Image-2026-04-20-at-4.33.13-PM_portada-scaled.png\",\"datePublished\":\"2026-04-21T19:25:52+00:00\",\"dateModified\":\"2026-04-21T19:35:42+00:00\",\"breadcrumb\":{\"@id\":\"https:\\\/\\\/agqroo.qroo.gob.mx\\\/index.php\\\/2026\\\/04\\\/21\\\/nuevo-acuerdo\\\/#breadcrumb\"},\"inLanguage\":\"es\",\"potentialAction\":[{\"@type\":\"ReadAction\",\"target\":[\"https:\\\/\\\/agqroo.qroo.gob.mx\\\/index.php\\\/2026\\\/04\\\/21\\\/nuevo-acuerdo\\\/\"]}]},{\"@type\":\"ImageObject\",\"inLanguage\":\"es\",\"@id\":\"https:\\\/\\\/agqroo.qroo.gob.mx\\\/index.php\\\/2026\\\/04\\\/21\\\/nuevo-acuerdo\\\/#primaryimage\",\"url\":\"https:\\\/\\\/agqroo.qroo.gob.mx\\\/wp-content\\\/uploads\\\/2026\\\/04\\\/WhatsApp-Image-2026-04-20-at-4.33.13-PM_portada-scaled.png\",\"contentUrl\":\"https:\\\/\\\/agqroo.qroo.gob.mx\\\/wp-content\\\/uploads\\\/2026\\\/04\\\/WhatsApp-Image-2026-04-20-at-4.33.13-PM_portada-scaled.png\",\"width\":2560,\"height\":1087},{\"@type\":\"BreadcrumbList\",\"@id\":\"https:\\\/\\\/agqroo.qroo.gob.mx\\\/index.php\\\/2026\\\/04\\\/21\\\/nuevo-acuerdo\\\/#breadcrumb\",\"itemListElement\":[{\"@type\":\"ListItem\",\"position\":1,\"name\":\"Inicio\",\"item\":\"https:\\\/\\\/agqroo.qroo.gob.mx\\\/\"},{\"@type\":\"ListItem\",\"position\":2,\"name\":\"Nuevo Acuerdo\"}]},{\"@type\":\"WebSite\",\"@id\":\"https:\\\/\\\/agqroo.qroo.gob.mx\\\/#website\",\"url\":\"https:\\\/\\\/agqroo.qroo.gob.mx\\\/\",\"name\":\"Archivo General del Estado de Quintana Roo\",\"description\":\"\",\"publisher\":{\"@id\":\"https:\\\/\\\/agqroo.qroo.gob.mx\\\/#organization\"},\"potentialAction\":[{\"@type\":\"SearchAction\",\"target\":{\"@type\":\"EntryPoint\",\"urlTemplate\":\"https:\\\/\\\/agqroo.qroo.gob.mx\\\/?s={search_term_string}\"},\"query-input\":{\"@type\":\"PropertyValueSpecification\",\"valueRequired\":true,\"valueName\":\"search_term_string\"}}],\"inLanguage\":\"es\"},{\"@type\":\"Organization\",\"@id\":\"https:\\\/\\\/agqroo.qroo.gob.mx\\\/#organization\",\"name\":\"Archivo General del Estado de Quintana Roo\",\"url\":\"https:\\\/\\\/agqroo.qroo.gob.mx\\\/\",\"logo\":{\"@type\":\"ImageObject\",\"inLanguage\":\"es\",\"@id\":\"https:\\\/\\\/agqroo.qroo.gob.mx\\\/#\\\/schema\\\/logo\\\/image\\\/\",\"url\":\"https:\\\/\\\/agqroo.qroo.gob.mx\\\/wp-content\\\/uploads\\\/2024\\\/06\\\/AGQROO.png\",\"contentUrl\":\"https:\\\/\\\/agqroo.qroo.gob.mx\\\/wp-content\\\/uploads\\\/2024\\\/06\\\/AGQROO.png\",\"width\":1920,\"height\":1080,\"caption\":\"Archivo General del Estado de Quintana Roo\"},\"image\":{\"@id\":\"https:\\\/\\\/agqroo.qroo.gob.mx\\\/#\\\/schema\\\/logo\\\/image\\\/\"}},{\"@type\":\"Person\",\"@id\":\"https:\\\/\\\/agqroo.qroo.gob.mx\\\/#\\\/schema\\\/person\\\/c00f3164e6e74c4ba4b9fe5284e560ab\",\"name\":\"Jose Alberto D\u00edaz L\u00f3pez.\",\"image\":{\"@type\":\"ImageObject\",\"inLanguage\":\"es\",\"@id\":\"https:\\\/\\\/secure.gravatar.com\\\/avatar\\\/9a0cf92e40b7fc2955c0ab03e1842a78cb013bcf9e0a7aafe18ed9a4187d30ba?s=96&d=mm&r=g\",\"url\":\"https:\\\/\\\/secure.gravatar.com\\\/avatar\\\/9a0cf92e40b7fc2955c0ab03e1842a78cb013bcf9e0a7aafe18ed9a4187d30ba?s=96&d=mm&r=g\",\"contentUrl\":\"https:\\\/\\\/secure.gravatar.com\\\/avatar\\\/9a0cf92e40b7fc2955c0ab03e1842a78cb013bcf9e0a7aafe18ed9a4187d30ba?s=96&d=mm&r=g\",\"caption\":\"Jose Alberto D\u00edaz L\u00f3pez.\"},\"url\":\"https:\\\/\\\/agqroo.qroo.gob.mx\\\/index.php\\\/author\\\/agqrooa\\\/\"}]}<\/script>\n<!-- \/ Yoast SEO plugin. -->","yoast_head_json":{"title":"Nuevo Acuerdo - Archivo General del Estado de Quintana Roo","robots":{"index":"index","follow":"follow","max-snippet":"max-snippet:-1","max-image-preview":"max-image-preview:large","max-video-preview":"max-video-preview:-1"},"canonical":"https:\/\/agqroo.qroo.gob.mx\/index.php\/2026\/04\/21\/nuevo-acuerdo\/","og_locale":"es_MX","og_type":"article","og_title":"Nuevo Acuerdo - Archivo General del Estado de Quintana Roo","og_description":"\u00a1Firma de Nuevo Acuerdo por la Memoria! En un acto de gran trascendencia para nuestra identidad, el Archivo General del Estado se suma al Nuevo Acuerdo por el Bienestar y Desarrollo de Quintana Roo, impulsado por nuestra Gobernadora Mara Lezama, bajo un modelo de gobernanza humanista, buscamos que el patrimonio documental no se quede en ... Leer m\u00e1s","og_url":"https:\/\/agqroo.qroo.gob.mx\/index.php\/2026\/04\/21\/nuevo-acuerdo\/","og_site_name":"Archivo General del Estado de Quintana Roo","article_published_time":"2026-04-21T19:25:52+00:00","article_modified_time":"2026-04-21T19:35:42+00:00","og_image":[{"width":1024,"height":435,"url":"https:\/\/agqroo.qroo.gob.mx\/wp-content\/uploads\/2026\/04\/WhatsApp-Image-2026-04-20-at-4.33.13-PM_portada-1024x435.png","type":"image\/png"}],"author":"Jose Alberto D\u00edaz L\u00f3pez.","twitter_card":"summary_large_image","twitter_misc":{"Escrito por":"Jose Alberto D\u00edaz L\u00f3pez.","Tiempo de lectura":"4 minutos"},"schema":{"@context":"https:\/\/schema.org","@graph":[{"@type":"Article","@id":"https:\/\/agqroo.qroo.gob.mx\/index.php\/2026\/04\/21\/nuevo-acuerdo\/#article","isPartOf":{"@id":"https:\/\/agqroo.qroo.gob.mx\/index.php\/2026\/04\/21\/nuevo-acuerdo\/"},"author":{"name":"Jose Alberto D\u00edaz L\u00f3pez.","@id":"https:\/\/agqroo.qroo.gob.mx\/#\/schema\/person\/c00f3164e6e74c4ba4b9fe5284e560ab"},"headline":"Nuevo Acuerdo","datePublished":"2026-04-21T19:25:52+00:00","dateModified":"2026-04-21T19:35:42+00:00","mainEntityOfPage":{"@id":"https:\/\/agqroo.qroo.gob.mx\/index.php\/2026\/04\/21\/nuevo-acuerdo\/"},"wordCount":302,"commentCount":0,"publisher":{"@id":"https:\/\/agqroo.qroo.gob.mx\/#organization"},"image":{"@id":"https:\/\/agqroo.qroo.gob.mx\/index.php\/2026\/04\/21\/nuevo-acuerdo\/#primaryimage"},"thumbnailUrl":"https:\/\/agqroo.qroo.gob.mx\/wp-content\/uploads\/2026\/04\/WhatsApp-Image-2026-04-20-at-4.33.13-PM_portada-scaled.png","articleSection":["Noticias"],"inLanguage":"es","potentialAction":[{"@type":"CommentAction","name":"Comment","target":["https:\/\/agqroo.qroo.gob.mx\/index.php\/2026\/04\/21\/nuevo-acuerdo\/#respond"]}]},{"@type":"WebPage","@id":"https:\/\/agqroo.qroo.gob.mx\/index.php\/2026\/04\/21\/nuevo-acuerdo\/","url":"https:\/\/agqroo.qroo.gob.mx\/index.php\/2026\/04\/21\/nuevo-acuerdo\/","name":"Nuevo Acuerdo - Archivo General del Estado de Quintana Roo","isPartOf":{"@id":"https:\/\/agqroo.qroo.gob.mx\/#website"},"primaryImageOfPage":{"@id":"https:\/\/agqroo.qroo.gob.mx\/index.php\/2026\/04\/21\/nuevo-acuerdo\/#primaryimage"},"image":{"@id":"https:\/\/agqroo.qroo.gob.mx\/index.php\/2026\/04\/21\/nuevo-acuerdo\/#primaryimage"},"thumbnailUrl":"https:\/\/agqroo.qroo.gob.mx\/wp-content\/uploads\/2026\/04\/WhatsApp-Image-2026-04-20-at-4.33.13-PM_portada-scaled.png","datePublished":"2026-04-21T19:25:52+00:00","dateModified":"2026-04-21T19:35:42+00:00","breadcrumb":{"@id":"https:\/\/agqroo.qroo.gob.mx\/index.php\/2026\/04\/21\/nuevo-acuerdo\/#breadcrumb"},"inLanguage":"es","potentialAction":[{"@type":"ReadAction","target":["https:\/\/agqroo.qroo.gob.mx\/index.php\/2026\/04\/21\/nuevo-acuerdo\/"]}]},{"@type":"ImageObject","inLanguage":"es","@id":"https:\/\/agqroo.qroo.gob.mx\/index.php\/2026\/04\/21\/nuevo-acuerdo\/#primaryimage","url":"https:\/\/agqroo.qroo.gob.mx\/wp-content\/uploads\/2026\/04\/WhatsApp-Image-2026-04-20-at-4.33.13-PM_portada-scaled.png","contentUrl":"https:\/\/agqroo.qroo.gob.mx\/wp-content\/uploads\/2026\/04\/WhatsApp-Image-2026-04-20-at-4.33.13-PM_portada-scaled.png","width":2560,"height":1087},{"@type":"BreadcrumbList","@id":"https:\/\/agqroo.qroo.gob.mx\/index.php\/2026\/04\/21\/nuevo-acuerdo\/#breadcrumb","itemListElement":[{"@type":"ListItem","position":1,"name":"Inicio","item":"https:\/\/agqroo.qroo.gob.mx\/"},{"@type":"ListItem","position":2,"name":"Nuevo Acuerdo"}]},{"@type":"WebSite","@id":"https:\/\/agqroo.qroo.gob.mx\/#website","url":"https:\/\/agqroo.qroo.gob.mx\/","name":"Archivo General del Estado de Quintana Roo","description":"","publisher":{"@id":"https:\/\/agqroo.qroo.gob.mx\/#organization"},"potentialAction":[{"@type":"SearchAction","target":{"@type":"EntryPoint","urlTemplate":"https:\/\/agqroo.qroo.gob.mx\/?s={search_term_string}"},"query-input":{"@type":"PropertyValueSpecification","valueRequired":true,"valueName":"search_term_string"}}],"inLanguage":"es"},{"@type":"Organization","@id":"https:\/\/agqroo.qroo.gob.mx\/#organization","name":"Archivo General del Estado de Quintana Roo","url":"https:\/\/agqroo.qroo.gob.mx\/","logo":{"@type":"ImageObject","inLanguage":"es","@id":"https:\/\/agqroo.qroo.gob.mx\/#\/schema\/logo\/image\/","url":"https:\/\/agqroo.qroo.gob.mx\/wp-content\/uploads\/2024\/06\/AGQROO.png","contentUrl":"https:\/\/agqroo.qroo.gob.mx\/wp-content\/uploads\/2024\/06\/AGQROO.png","width":1920,"height":1080,"caption":"Archivo General del Estado de Quintana Roo"},"image":{"@id":"https:\/\/agqroo.qroo.gob.mx\/#\/schema\/logo\/image\/"}},{"@type":"Person","@id":"https:\/\/agqroo.qroo.gob.mx\/#\/schema\/person\/c00f3164e6e74c4ba4b9fe5284e560ab","name":"Jose Alberto D\u00edaz L\u00f3pez.","image":{"@type":"ImageObject","inLanguage":"es","@id":"https:\/\/secure.gravatar.com\/avatar\/9a0cf92e40b7fc2955c0ab03e1842a78cb013bcf9e0a7aafe18ed9a4187d30ba?s=96&d=mm&r=g","url":"https:\/\/secure.gravatar.com\/avatar\/9a0cf92e40b7fc2955c0ab03e1842a78cb013bcf9e0a7aafe18ed9a4187d30ba?s=96&d=mm&r=g","contentUrl":"https:\/\/secure.gravatar.com\/avatar\/9a0cf92e40b7fc2955c0ab03e1842a78cb013bcf9e0a7aafe18ed9a4187d30ba?s=96&d=mm&r=g","caption":"Jose Alberto D\u00edaz L\u00f3pez."},"url":"https:\/\/agqroo.qroo.gob.mx\/index.php\/author\/agqrooa\/"}]}},"_links":{"self":[{"href":"https:\/\/agqroo.qroo.gob.mx\/index.php\/wp-json\/wp\/v2\/posts\/38457","targetHints":{"allow":["GET"]}}],"collection":[{"href":"https:\/\/agqroo.qroo.gob.mx\/index.php\/wp-json\/wp\/v2\/posts"}],"about":[{"href":"https:\/\/agqroo.qroo.gob.mx\/index.php\/wp-json\/wp\/v2\/types\/post"}],"author":[{"embeddable":true,"href":"https:\/\/agqroo.qroo.gob.mx\/index.php\/wp-json\/wp\/v2\/users\/11"}],"replies":[{"embeddable":true,"href":"https:\/\/agqroo.qroo.gob.mx\/index.php\/wp-json\/wp\/v2\/comments?post=38457"}],"version-history":[{"count":7,"href":"https:\/\/agqroo.qroo.gob.mx\/index.php\/wp-json\/wp\/v2\/posts\/38457\/revisions"}],"predecessor-version":[{"id":38470,"href":"https:\/\/agqroo.qroo.gob.mx\/index.php\/wp-json\/wp\/v2\/posts\/38457\/revisions\/38470"}],"wp:featuredmedia":[{"embeddable":true,"href":"https:\/\/agqroo.qroo.gob.mx\/index.php\/wp-json\/wp\/v2\/media\/38466"}],"wp:attachment":[{"href":"https:\/\/agqroo.qroo.gob.mx\/index.php\/wp-json\/wp\/v2\/media?parent=38457"}],"wp:term":[{"taxonomy":"category","embeddable":true,"href":"https:\/\/agqroo.qroo.gob.mx\/index.php\/wp-json\/wp\/v2\/categories?post=38457"},{"taxonomy":"post_tag","embeddable":true,"href":"https:\/\/agqroo.qroo.gob.mx\/index.php\/wp-json\/wp\/v2\/tags?post=38457"}],"curies":[{"name":"wp","href":"https:\/\/api.w.org\/{rel}","templated":true}]}}